{"id":931,"date":"2020-09-14T18:20:32","date_gmt":"2020-09-14T16:20:32","guid":{"rendered":"https:\/\/www.regards-studio.com\/?p=931"},"modified":"2020-09-16T08:16:16","modified_gmt":"2020-09-16T06:16:16","slug":"le-cube-vert-deuronews","status":"publish","type":"post","link":"https:\/\/convergence-ing.com\/studio\/le-cube-vert-deuronews\/","title":{"rendered":"Le Cube Vert d&rsquo;Euronews"},"content":{"rendered":"<div class=\"pntrst_main_before_after\"><div class=\"pntrst-button-wrap\">\n\t\t\t\t\t\t\t<a data-pin-do=\"buttonBookmark\" data-pin-custom=\"\" href=\"https:\/\/www.pinterest.com\/pin\/create\/button\/\"><img decoding=\"async\" data-pin-nopin=\"1\" class=\"pntrst-custom-pin\" src=\"https:\/\/convergence-ing.com\/studio\/wp-content\/plugins\/bws-pinterest\/images\/pin.png\" width=\"60\"><\/a>\n\t\t\t\t\t\t<\/div><\/div>\n<p><strong>La cha\u00eene d\u2019information europ\u00e9enne s&rsquo;est trouv\u00e9 un petit coin de paradis en installant son si\u00e8ge social au \u00ab&nbsp;Cube Vert&nbsp;\u00bb. <\/strong><\/p>\n\n\n\n<p>Dans la forme, c&rsquo;est un immense parall\u00e9l\u00e9pip\u00e8de transperc\u00e9 par deux atriums coniques lumineux et a\u00e9r\u00e9s, offrant des vues sur le paysage environnant et des acc\u00e8s aux berges de la Sa\u00f4ne. Dans le fond notre studio a donn\u00e9 vie, en collaboration avec Convergence, \u00e0 un concept d&rsquo;espace serviciel unique : la BOUTIK 2.0.<\/p>\n\n\n\n<p class=\"has-text-color has-medium-font-size has-light-green-cyan-color\"><em>Un projet sign\u00e9 Regards<\/em><\/p>\n\n\n\n<div style=\"height:100px\" aria-hidden=\"true\" class=\"wp-block-spacer\"><\/div>\n\n\n\n<figure class=\"wp-block-image size-large\"><img decoding=\"async\" width=\"1024\" height=\"889\" src=\"https:\/\/convergence-ing.com\/studio\/wp-content\/uploads\/2020\/09\/EURONEWS_ZOOM-DISTRIB-1-1024x889.jpg\" alt=\"Zone de restauration en libre-service en entreprise\" class=\"wp-image-953\" srcset=\"https:\/\/convergence-ing.com\/studio\/wp-content\/uploads\/2020\/09\/EURONEWS_ZOOM-DISTRIB-1-1024x889.jpg 1024w, https:\/\/convergence-ing.com\/studio\/wp-content\/uploads\/2020\/09\/EURONEWS_ZOOM-DISTRIB-1-300x260.jpg 300w, https:\/\/convergence-ing.com\/studio\/wp-content\/uploads\/2020\/09\/EURONEWS_ZOOM-DISTRIB-1-768x667.jpg 768w, https:\/\/convergence-ing.com\/studio\/wp-content\/uploads\/2020\/09\/EURONEWS_ZOOM-DISTRIB-1.jpg 1328w\" sizes=\"(max-width: 1024px) 100vw, 1024px\" \/><\/figure>\n\n\n\n<div style=\"height:100px\" aria-hidden=\"true\" class=\"wp-block-spacer\"><\/div>\n\n\n\n<h2 class=\"wp-block-heading\">Du fonctionnel \u00e0 l&rsquo;exp\u00e9rience<\/h2>\n\n\n\n<p>Plus qu&rsquo;un restaurant ou des espaces de services \u2026 Euronews a l&rsquo;ambition d&rsquo;offrir \u00e0 ses \u00e9quipes de v\u00e9ritables lieux de vie, des ambiances plurielles \u00e9voluant au fil du moment.<\/p>\n\n\n\n<p>C&rsquo;est pourquoi nous avons port\u00e9 notre <strong>regard<\/strong> sur une solution globale qui rime avec libert\u00e9 de choix et confort pour l&rsquo;utilisateur :  \u00ab&nbsp;BOUTIK 2.0<sup>\u00a9<\/sup> \u00bb ou des espaces individuels et collectifs, ergonomiques, appropri\u00e9s aux besoins essentiels tout au long de la journ\u00e9e.<\/p>\n\n\n\n<div style=\"height:100px\" aria-hidden=\"true\" class=\"wp-block-spacer\"><\/div>\n\n\n\n<figure class=\"wp-block-image size-large\"><img decoding=\"async\" width=\"1024\" height=\"614\" src=\"https:\/\/convergence-ing.com\/studio\/wp-content\/uploads\/2020\/09\/EURONEWS_AXO-1-GOURMAND-1024x614.jpg\" alt=\"\" class=\"wp-image-954\" srcset=\"https:\/\/convergence-ing.com\/studio\/wp-content\/uploads\/2020\/09\/EURONEWS_AXO-1-GOURMAND-1024x614.jpg 1024w, https:\/\/convergence-ing.com\/studio\/wp-content\/uploads\/2020\/09\/EURONEWS_AXO-1-GOURMAND-300x180.jpg 300w, https:\/\/convergence-ing.com\/studio\/wp-content\/uploads\/2020\/09\/EURONEWS_AXO-1-GOURMAND-768x461.jpg 768w, https:\/\/convergence-ing.com\/studio\/wp-content\/uploads\/2020\/09\/EURONEWS_AXO-1-GOURMAND-1536x922.jpg 1536w, https:\/\/convergence-ing.com\/studio\/wp-content\/uploads\/2020\/09\/EURONEWS_AXO-1-GOURMAND-2048x1229.jpg 2048w\" sizes=\"(max-width: 1024px) 100vw, 1024px\" \/><\/figure>\n\n\n\n<div style=\"height:100px\" aria-hidden=\"true\" class=\"wp-block-spacer\"><\/div>\n\n\n\n<ul class=\"wp-block-list\"><li><strong>Espace Plug &amp; Work :<\/strong> S\u2019isoler, se concentrer, produire seul, r\u00e9diger un document, t\u00e9l\u00e9phoner \u00e0 l&rsquo;abri du bruit ambiant, sans nuisance pour l\u2019entourage, travailler en collectif ou recevoir des fournisseurs;<\/li><li><strong>Espace lounge :<\/strong> Se reposer, se d\u00e9tendre, se ressourcer;<\/li><li><strong>Espace salle \u00e0 manger :<\/strong> La pause matinale ou la pause d\u00e9jeuner;<\/li><li><strong>Espace Plug &amp; Play :<\/strong> se divertir<\/li><\/ul>\n\n\n\n<div style=\"height:100px\" aria-hidden=\"true\" class=\"wp-block-spacer\"><\/div>\n\n\n\n<figure class=\"wp-block-image size-large\"><img decoding=\"async\" width=\"1024\" height=\"614\" src=\"https:\/\/convergence-ing.com\/studio\/wp-content\/uploads\/2020\/09\/EURONEWS_PERS-2-1024x614.jpg\" alt=\"\" class=\"wp-image-955\" srcset=\"https:\/\/convergence-ing.com\/studio\/wp-content\/uploads\/2020\/09\/EURONEWS_PERS-2-1024x614.jpg 1024w, https:\/\/convergence-ing.com\/studio\/wp-content\/uploads\/2020\/09\/EURONEWS_PERS-2-300x180.jpg 300w, https:\/\/convergence-ing.com\/studio\/wp-content\/uploads\/2020\/09\/EURONEWS_PERS-2-768x461.jpg 768w, https:\/\/convergence-ing.com\/studio\/wp-content\/uploads\/2020\/09\/EURONEWS_PERS-2-1536x922.jpg 1536w, https:\/\/convergence-ing.com\/studio\/wp-content\/uploads\/2020\/09\/EURONEWS_PERS-2-2048x1229.jpg 2048w\" sizes=\"(max-width: 1024px) 100vw, 1024px\" \/><\/figure>\n\n\n\n<div style=\"height:100px\" aria-hidden=\"true\" class=\"wp-block-spacer\"><\/div>\n\n\n\n<h2 class=\"wp-block-heading\">Regards sur l&rsquo;espace<\/h2>\n\n\n\n<p>En cr\u00e9ateurs d&rsquo;espaces \u00e0 vivre durablement, nous visualisons un int\u00e9rieur fonctionnel dont les flux de circulation sont parfaitement ma\u00eetris\u00e9s, tout en faisant \u00e9merger de l&rsquo;ensemble une ambiance qualitative et harmonieuse.<\/p>\n\n\n\n<div style=\"height:100px\" aria-hidden=\"true\" class=\"wp-block-spacer\"><\/div>\n\n\n\n<blockquote class=\"wp-block-quote is-style-large is-layout-flow wp-block-quote-is-layout-flow\"><p>Respecter et valoriser les partis pris architecturaux comme le jeu d&rsquo;ombres au sol cr\u00e9\u00e9 par la fa\u00e7ade, impliquant une r\u00e9flexion sur le choix des couleurs et des mat\u00e9riaux<\/p><\/blockquote>\n\n\n\n<div style=\"height:100px\" aria-hidden=\"true\" class=\"wp-block-spacer\"><\/div>\n\n\n\n<p>L&rsquo;espace \u00ab\u00a0Boutik 2.0\u00a0\u00bb est situ\u00e9 en face de l&rsquo;entr\u00e9e, nous le d\u00e9limitons par une palissade en lattes de pin g\u00e9om\u00e9triques qui r\u00e9pond \u00e0 la fa\u00e7ade.<\/p>\n\n\n\n<p>Afin de limiter les nuisances sonores de l&rsquo;espace ludique et de cr\u00e9er un environnement sain et reposant, nous pr\u00e9voyons un rev\u00eatement acoustique&nbsp;tress\u00e9&nbsp;au mur et au sol.<\/p>\n\n\n\n<div style=\"height:100px\" aria-hidden=\"true\" class=\"wp-block-spacer\"><\/div>\n\n\n\n<figure class=\"wp-block-gallery columns-2 is-cropped wp-block-gallery-1 is-layout-flex wp-block-gallery-is-layout-flex\"><ul class=\"blocks-gallery-grid\"><li class=\"blocks-gallery-item\"><figure><img decoding=\"async\" width=\"1024\" height=\"745\" src=\"https:\/\/convergence-ing.com\/studio\/wp-content\/uploads\/2020\/09\/EURONEWS_CROQUIS-2-1024x745.jpg\" alt=\"\" data-id=\"956\" data-link=\"https:\/\/convergence-ing.com\/studio\/?attachment_id=956\" class=\"wp-image-956\" srcset=\"https:\/\/convergence-ing.com\/studio\/wp-content\/uploads\/2020\/09\/EURONEWS_CROQUIS-2-1024x745.jpg 1024w, https:\/\/convergence-ing.com\/studio\/wp-content\/uploads\/2020\/09\/EURONEWS_CROQUIS-2-300x218.jpg 300w, https:\/\/convergence-ing.com\/studio\/wp-content\/uploads\/2020\/09\/EURONEWS_CROQUIS-2-768x558.jpg 768w, https:\/\/convergence-ing.com\/studio\/wp-content\/uploads\/2020\/09\/EURONEWS_CROQUIS-2-1536x1117.jpg 1536w, https:\/\/convergence-ing.com\/studio\/wp-content\/uploads\/2020\/09\/EURONEWS_CROQUIS-2-2048x1489.jpg 2048w\" sizes=\"(max-width: 1024px) 100vw, 1024px\" \/><\/figure><\/li><li class=\"blocks-gallery-item\"><figure><img decoding=\"async\" width=\"726\" height=\"954\" src=\"https:\/\/convergence-ing.com\/studio\/wp-content\/uploads\/2020\/09\/EURONEWS_ZOOM-ESPACE-JEU.jpg\" alt=\"\" data-id=\"957\" data-full-url=\"https:\/\/convergence-ing.com\/studio\/wp-content\/uploads\/2020\/09\/EURONEWS_ZOOM-ESPACE-JEU.jpg\" data-link=\"https:\/\/convergence-ing.com\/studio\/?attachment_id=957\" class=\"wp-image-957\" srcset=\"https:\/\/convergence-ing.com\/studio\/wp-content\/uploads\/2020\/09\/EURONEWS_ZOOM-ESPACE-JEU.jpg 726w, https:\/\/convergence-ing.com\/studio\/wp-content\/uploads\/2020\/09\/EURONEWS_ZOOM-ESPACE-JEU-228x300.jpg 228w\" sizes=\"(max-width: 726px) 100vw, 726px\" \/><\/figure><\/li><\/ul><\/figure>\n\n\n\n<div style=\"height:100px\" aria-hidden=\"true\" class=\"wp-block-spacer\"><\/div>\n\n\n\n<p>Pour l&rsquo;espace d\u00e9tente caf\u00e9t\u00e9ria, nous exploitons au maximum la lumi\u00e8re naturelle, la vue et l&rsquo;acc\u00e8s \u00e0 la terrasse. Le confort et la relaxation sont encourag\u00e9s par des fauteuils color\u00e9s d\u00e9contract\u00e9s.<\/p>\n\n\n\n<div style=\"height:100px\" aria-hidden=\"true\" class=\"wp-block-spacer\"><\/div>\n\n\n\n<h2 class=\"wp-block-heading\">Regards sur le mobilier et les mat\u00e9riaux<\/h2>\n\n\n\n<p>Les lignes organiques des chaises dispos\u00e9es dans la salle rappellent celles de la fa\u00e7ade, les suspensions et le sol en imitation b\u00e9ton font directement \u00e9cho \u00e0 sa structure.<\/p>\n\n\n\n<div style=\"height:85px\" aria-hidden=\"true\" class=\"wp-block-spacer\"><\/div>\n\n\n\n<blockquote class=\"wp-block-quote is-style-large is-layout-flow wp-block-quote-is-layout-flow\"><p>Dans le respect de <strong>nos<\/strong> <strong>convictions<\/strong>, nous choisissons les mat\u00e9riaux judicieusement en fonction de leur empreinte \u00e9cologique<\/p><\/blockquote>\n\n\n\n<div style=\"height:100px\" aria-hidden=\"true\" class=\"wp-block-spacer\"><\/div>\n\n\n\n<figure class=\"wp-block-gallery columns-3 is-cropped wp-block-gallery-2 is-layout-flex wp-block-gallery-is-layout-flex\"><ul class=\"blocks-gallery-grid\"><li class=\"blocks-gallery-item\"><figure><img decoding=\"async\" width=\"1024\" height=\"576\" src=\"https:\/\/convergence-ing.com\/studio\/wp-content\/uploads\/2020\/09\/20151006_114153-1024x576.jpg\" alt=\"\" data-id=\"959\" data-full-url=\"https:\/\/convergence-ing.com\/studio\/wp-content\/uploads\/2020\/09\/20151006_114153.jpg\" data-link=\"https:\/\/convergence-ing.com\/studio\/?attachment_id=959\" class=\"wp-image-959\" srcset=\"https:\/\/convergence-ing.com\/studio\/wp-content\/uploads\/2020\/09\/20151006_114153-1024x576.jpg 1024w, https:\/\/convergence-ing.com\/studio\/wp-content\/uploads\/2020\/09\/20151006_114153-300x169.jpg 300w, https:\/\/convergence-ing.com\/studio\/wp-content\/uploads\/2020\/09\/20151006_114153-768x432.jpg 768w, https:\/\/convergence-ing.com\/studio\/wp-content\/uploads\/2020\/09\/20151006_114153-400x225.jpg 400w, https:\/\/convergence-ing.com\/studio\/wp-content\/uploads\/2020\/09\/20151006_114153-600x338.jpg 600w, https:\/\/convergence-ing.com\/studio\/wp-content\/uploads\/2020\/09\/20151006_114153-800x450.jpg 800w, https:\/\/convergence-ing.com\/studio\/wp-content\/uploads\/2020\/09\/20151006_114153-1200x675.jpg 1200w, https:\/\/convergence-ing.com\/studio\/wp-content\/uploads\/2020\/09\/20151006_114153.jpg 1280w\" sizes=\"(max-width: 1024px) 100vw, 1024px\" \/><\/figure><\/li><li class=\"blocks-gallery-item\"><figure><img decoding=\"async\" width=\"1024\" height=\"684\" src=\"https:\/\/convergence-ing.com\/studio\/wp-content\/uploads\/2020\/09\/9732w-Euronews-Lyon-1024x684.jpg\" alt=\"\" data-id=\"961\" data-full-url=\"https:\/\/convergence-ing.com\/studio\/wp-content\/uploads\/2020\/09\/9732w-Euronews-Lyon.jpg\" data-link=\"https:\/\/convergence-ing.com\/studio\/?attachment_id=961\" class=\"wp-image-961\" srcset=\"https:\/\/convergence-ing.com\/studio\/wp-content\/uploads\/2020\/09\/9732w-Euronews-Lyon-1024x684.jpg 1024w, https:\/\/convergence-ing.com\/studio\/wp-content\/uploads\/2020\/09\/9732w-Euronews-Lyon-300x200.jpg 300w, https:\/\/convergence-ing.com\/studio\/wp-content\/uploads\/2020\/09\/9732w-Euronews-Lyon-768x513.jpg 768w, https:\/\/convergence-ing.com\/studio\/wp-content\/uploads\/2020\/09\/9732w-Euronews-Lyon-1536x1025.jpg 1536w, https:\/\/convergence-ing.com\/studio\/wp-content\/uploads\/2020\/09\/9732w-Euronews-Lyon.jpg 1766w\" sizes=\"(max-width: 1024px) 100vw, 1024px\" \/><\/figure><\/li><li class=\"blocks-gallery-item\"><figure><img decoding=\"async\" width=\"684\" height=\"1024\" src=\"https:\/\/convergence-ing.com\/studio\/wp-content\/uploads\/2020\/09\/9746w-Euronews-Lyon-684x1024.jpg\" alt=\"\" data-id=\"962\" data-full-url=\"https:\/\/convergence-ing.com\/studio\/wp-content\/uploads\/2020\/09\/9746w-Euronews-Lyon.jpg\" data-link=\"https:\/\/convergence-ing.com\/studio\/?attachment_id=962\" class=\"wp-image-962\" srcset=\"https:\/\/convergence-ing.com\/studio\/wp-content\/uploads\/2020\/09\/9746w-Euronews-Lyon-684x1024.jpg 684w, https:\/\/convergence-ing.com\/studio\/wp-content\/uploads\/2020\/09\/9746w-Euronews-Lyon-200x300.jpg 200w, https:\/\/convergence-ing.com\/studio\/wp-content\/uploads\/2020\/09\/9746w-Euronews-Lyon-768x1150.jpg 768w, https:\/\/convergence-ing.com\/studio\/wp-content\/uploads\/2020\/09\/9746w-Euronews-Lyon-1025x1536.jpg 1025w, https:\/\/convergence-ing.com\/studio\/wp-content\/uploads\/2020\/09\/9746w-Euronews-Lyon.jpg 1179w\" sizes=\"(max-width: 684px) 100vw, 684px\" \/><\/figure><\/li><li class=\"blocks-gallery-item\"><figure><img decoding=\"async\" width=\"1024\" height=\"684\" src=\"https:\/\/convergence-ing.com\/studio\/wp-content\/uploads\/2020\/09\/9767w-Euronews-Lyon-1024x684.jpg\" alt=\"\" data-id=\"963\" data-full-url=\"https:\/\/convergence-ing.com\/studio\/wp-content\/uploads\/2020\/09\/9767w-Euronews-Lyon.jpg\" data-link=\"https:\/\/convergence-ing.com\/studio\/?attachment_id=963\" class=\"wp-image-963\" srcset=\"https:\/\/convergence-ing.com\/studio\/wp-content\/uploads\/2020\/09\/9767w-Euronews-Lyon-1024x684.jpg 1024w, https:\/\/convergence-ing.com\/studio\/wp-content\/uploads\/2020\/09\/9767w-Euronews-Lyon-300x200.jpg 300w, https:\/\/convergence-ing.com\/studio\/wp-content\/uploads\/2020\/09\/9767w-Euronews-Lyon-768x513.jpg 768w, https:\/\/convergence-ing.com\/studio\/wp-content\/uploads\/2020\/09\/9767w-Euronews-Lyon-1536x1025.jpg 1536w, https:\/\/convergence-ing.com\/studio\/wp-content\/uploads\/2020\/09\/9767w-Euronews-Lyon.jpg 1766w\" sizes=\"(max-width: 1024px) 100vw, 1024px\" \/><\/figure><\/li><li class=\"blocks-gallery-item\"><figure><img decoding=\"async\" width=\"1024\" height=\"684\" src=\"https:\/\/convergence-ing.com\/studio\/wp-content\/uploads\/2020\/09\/9703w-Euronews-Lyon-1024x684.jpg\" alt=\"\" data-id=\"964\" data-full-url=\"https:\/\/convergence-ing.com\/studio\/wp-content\/uploads\/2020\/09\/9703w-Euronews-Lyon.jpg\" data-link=\"https:\/\/convergence-ing.com\/studio\/?attachment_id=964\" class=\"wp-image-964\" srcset=\"https:\/\/convergence-ing.com\/studio\/wp-content\/uploads\/2020\/09\/9703w-Euronews-Lyon-1024x684.jpg 1024w, https:\/\/convergence-ing.com\/studio\/wp-content\/uploads\/2020\/09\/9703w-Euronews-Lyon-300x200.jpg 300w, https:\/\/convergence-ing.com\/studio\/wp-content\/uploads\/2020\/09\/9703w-Euronews-Lyon-768x513.jpg 768w, https:\/\/convergence-ing.com\/studio\/wp-content\/uploads\/2020\/09\/9703w-Euronews-Lyon-1536x1025.jpg 1536w, https:\/\/convergence-ing.com\/studio\/wp-content\/uploads\/2020\/09\/9703w-Euronews-Lyon.jpg 1766w\" sizes=\"(max-width: 1024px) 100vw, 1024px\" \/><\/figure><\/li><li class=\"blocks-gallery-item\"><figure><img decoding=\"async\" width=\"1024\" height=\"684\" src=\"https:\/\/convergence-ing.com\/studio\/wp-content\/uploads\/2020\/09\/9709w-Euronews-Lyon-1024x684.jpg\" alt=\"\" data-id=\"965\" data-full-url=\"https:\/\/convergence-ing.com\/studio\/wp-content\/uploads\/2020\/09\/9709w-Euronews-Lyon.jpg\" data-link=\"https:\/\/convergence-ing.com\/studio\/?attachment_id=965\" class=\"wp-image-965\" srcset=\"https:\/\/convergence-ing.com\/studio\/wp-content\/uploads\/2020\/09\/9709w-Euronews-Lyon-1024x684.jpg 1024w, https:\/\/convergence-ing.com\/studio\/wp-content\/uploads\/2020\/09\/9709w-Euronews-Lyon-300x200.jpg 300w, https:\/\/convergence-ing.com\/studio\/wp-content\/uploads\/2020\/09\/9709w-Euronews-Lyon-768x513.jpg 768w, https:\/\/convergence-ing.com\/studio\/wp-content\/uploads\/2020\/09\/9709w-Euronews-Lyon-1536x1025.jpg 1536w, https:\/\/convergence-ing.com\/studio\/wp-content\/uploads\/2020\/09\/9709w-Euronews-Lyon.jpg 1766w\" sizes=\"(max-width: 1024px) 100vw, 1024px\" \/><\/figure><\/li><li class=\"blocks-gallery-item\"><figure><img decoding=\"async\" width=\"1024\" height=\"684\" src=\"https:\/\/convergence-ing.com\/studio\/wp-content\/uploads\/2020\/09\/9638w-Euronews-Lyon-1024x684.jpg\" alt=\"\" data-id=\"966\" data-full-url=\"https:\/\/convergence-ing.com\/studio\/wp-content\/uploads\/2020\/09\/9638w-Euronews-Lyon.jpg\" data-link=\"https:\/\/convergence-ing.com\/studio\/?attachment_id=966\" class=\"wp-image-966\" srcset=\"https:\/\/convergence-ing.com\/studio\/wp-content\/uploads\/2020\/09\/9638w-Euronews-Lyon-1024x684.jpg 1024w, https:\/\/convergence-ing.com\/studio\/wp-content\/uploads\/2020\/09\/9638w-Euronews-Lyon-300x200.jpg 300w, https:\/\/convergence-ing.com\/studio\/wp-content\/uploads\/2020\/09\/9638w-Euronews-Lyon-768x513.jpg 768w, https:\/\/convergence-ing.com\/studio\/wp-content\/uploads\/2020\/09\/9638w-Euronews-Lyon-1536x1025.jpg 1536w, https:\/\/convergence-ing.com\/studio\/wp-content\/uploads\/2020\/09\/9638w-Euronews-Lyon.jpg 1766w\" sizes=\"(max-width: 1024px) 100vw, 1024px\" \/><\/figure><\/li><\/ul><\/figure>\n\n\n\n<div style=\"height:85px\" aria-hidden=\"true\" class=\"wp-block-spacer\"><\/div>\n\n\n\n<p>Nous parlions de nuisances sonores plus haut. Pour le bien-\u00eatre et la sant\u00e9 des hommes et des femmes qui vont et viennent dans la \u00ab\u00a0Boutik 2.0\u00a0\u00bb, nous avons pouss\u00e9 le concept plus loin. Les mat\u00e9riaux de sol de la salle,&nbsp;les rythmes de bois et les faux plafonds suspendus acoustiques contribuent \u00e0 conserver dans le restaurant une atmosph\u00e8re calme&#8230; m\u00eame aux heures de forte affluence.<\/p>\n\n\n\n<div style=\"height:100px\" aria-hidden=\"true\" class=\"wp-block-spacer\"><\/div>\n\n\n\n<p><strong>Fonctionnelle et diversifi\u00e9e, l&rsquo;exp\u00e9rience \u00ab\u00a0Boutik 2.0\u00a0\u00bb c&rsquo;est une ambiance avant tout. Loin de la connotation du RIE conventionnel, elle offre \u00e0 l&rsquo;usager un lieu de vie riche, pour les sens comme les \u00e9motions.<\/strong><\/p>\n\n\n\n<style> \n.atbs-sub-col {display: none !important;}\n\n@media (min-width: 1200px){\n.barley-design .atbs-main-col {\n    width: 100%;\n    padding-right: 35px;\n}}\n\n.posts-navigation__prev:not(:only-child) {\n    display: none;\n}\n.posts-navigation__next {\n    margin-left: 92px;\n}\n\n.related-posts .block-heading__title {\n    color: #e4e6e89e;\n    font-size: 61px;\n    text-transform: uppercase;\n    font-weight: 900;\n    letter-spacing: 10px;\n    z-index: 99;\n}\n\n.comments-section {\n    display: none;\n}\n<\/style>\n\n\n\n<p><\/p>\n<div class=\"pntrst_main_before_after\"><\/div>","protected":false},"excerpt":{"rendered":"<p>\t\t\t\tVivamus dapibus tristique justo fringilla sapien gravida faucibus aliquam ornare nunc nibh. Parturient nisi. Velit enim dignissim aliquet ridiculus. Pellentesque ullamcorper bibendum. Nec auctor suscipit lectus dapibus semper, interdum mus, odio ultricies hac enim inceptos eros. Diam non mi, laoreet nibh habitant pretium massa dolor sociis laoreet.\t\t\t\t<\/p>\n","protected":false},"author":2,"featured_media":951,"comment_status":"closed","ping_status":"open","sticky":false,"template":"","format":"gallery","meta":{"_monsterinsights_skip_tracking":false,"_monsterinsights_sitenote_active":false,"_monsterinsights_sitenote_note":"","_monsterinsights_sitenote_category":0,"footnotes":""},"categories":[35],"tags":[44],"class_list":["post-931","post","type-post","status-publish","format-gallery","has-post-thumbnail","hentry","category-portfolio","tag-portfolio","post_format-post-format-gallery"],"aioseo_notices":[],"_links":{"self":[{"href":"https:\/\/convergence-ing.com\/studio\/wp-json\/wp\/v2\/posts\/931"}],"collection":[{"href":"https:\/\/convergence-ing.com\/studio\/wp-json\/wp\/v2\/posts"}],"about":[{"href":"https:\/\/convergence-ing.com\/studio\/wp-json\/wp\/v2\/types\/post"}],"author":[{"embeddable":true,"href":"https:\/\/convergence-ing.com\/studio\/wp-json\/wp\/v2\/users\/2"}],"replies":[{"embeddable":true,"href":"https:\/\/convergence-ing.com\/studio\/wp-json\/wp\/v2\/comments?post=931"}],"version-history":[{"count":0,"href":"https:\/\/convergence-ing.com\/studio\/wp-json\/wp\/v2\/posts\/931\/revisions"}],"wp:featuredmedia":[{"embeddable":true,"href":"https:\/\/convergence-ing.com\/studio\/wp-json\/wp\/v2\/media\/951"}],"wp:attachment":[{"href":"https:\/\/convergence-ing.com\/studio\/wp-json\/wp\/v2\/media?parent=931"}],"wp:term":[{"taxonomy":"category","embeddable":true,"href":"https:\/\/convergence-ing.com\/studio\/wp-json\/wp\/v2\/categories?post=931"},{"taxonomy":"post_tag","embeddable":true,"href":"https:\/\/convergence-ing.com\/studio\/wp-json\/wp\/v2\/tags?post=931"}],"curies":[{"name":"wp","href":"https:\/\/api.w.org\/{rel}","templated":true}]}}