{"id":1542,"date":"2022-04-28T09:00:00","date_gmt":"2022-04-28T07:00:00","guid":{"rendered":"https:\/\/www.regards-studio.com\/?p=1542"},"modified":"2022-04-22T16:05:19","modified_gmt":"2022-04-22T14:05:19","slug":"andrew-waugh-activisme-architectural","status":"publish","type":"post","link":"https:\/\/convergence-ing.com\/studio\/andrew-waugh-activisme-architectural\/","title":{"rendered":"Andrew Waugh ou l&rsquo;activisme architectural"},"content":{"rendered":"<div class=\"pntrst_main_before_after\"><div class=\"pntrst-button-wrap\">\n\t\t\t\t\t\t\t<a data-pin-do=\"buttonBookmark\" data-pin-custom=\"\" href=\"https:\/\/www.pinterest.com\/pin\/create\/button\/\"><img decoding=\"async\" data-pin-nopin=\"1\" class=\"pntrst-custom-pin\" src=\"https:\/\/convergence-ing.com\/studio\/wp-content\/plugins\/bws-pinterest\/images\/pin.png\" width=\"60\"><\/a>\n\t\t\t\t\t\t<\/div><\/div>\n<p>Andrew Waugh est un architecte avec une tendance \u00e0 l&rsquo;activisme en mati\u00e8re de construction durable. Il a publiquement critiqu\u00e9 les r\u00e9glementations britanniques et leurs lacunes environnementales. Vous en voulez plus ?<\/p>\n\n\n\n<div style=\"height:25px\" aria-hidden=\"true\" class=\"wp-block-spacer\"><\/div>\n\n\n\n<figure class=\"wp-block-image size-large\"><img decoding=\"async\" width=\"1024\" height=\"1024\" src=\"https:\/\/convergence-ing.com\/studio\/wp-content\/uploads\/2022\/04\/Illustrations-blog-WL-1-1024x1024.png\" alt=\"\" class=\"wp-image-1555\" srcset=\"https:\/\/convergence-ing.com\/studio\/wp-content\/uploads\/2022\/04\/Illustrations-blog-WL-1-1024x1024.png 1024w, https:\/\/convergence-ing.com\/studio\/wp-content\/uploads\/2022\/04\/Illustrations-blog-WL-1-300x300.png 300w, https:\/\/convergence-ing.com\/studio\/wp-content\/uploads\/2022\/04\/Illustrations-blog-WL-1-150x150.png 150w, https:\/\/convergence-ing.com\/studio\/wp-content\/uploads\/2022\/04\/Illustrations-blog-WL-1-768x768.png 768w, https:\/\/convergence-ing.com\/studio\/wp-content\/uploads\/2022\/04\/Illustrations-blog-WL-1-180x180.png 180w, https:\/\/convergence-ing.com\/studio\/wp-content\/uploads\/2022\/04\/Illustrations-blog-WL-1-400x400.png 400w, https:\/\/convergence-ing.com\/studio\/wp-content\/uploads\/2022\/04\/Illustrations-blog-WL-1-600x600.png 600w, https:\/\/convergence-ing.com\/studio\/wp-content\/uploads\/2022\/04\/Illustrations-blog-WL-1.png 1080w\" sizes=\"(max-width: 1024px) 100vw, 1024px\" \/><\/figure>\n\n\n\n<div style=\"height:25px\" aria-hidden=\"true\" class=\"wp-block-spacer\"><\/div>\n\n\n\n<p>Il fait partie du groupe de pression <a href=\"https:\/\/www.architectsdeclare.com\/?msclkid=8fcaa9bfc24111eca44525c9fdcfda1c\">Architects Declare<\/a> qui r\u00e9unit des architectes britanniques alertant et oeuvrant dans le cadre de l\u2019urgence climatique et de la biodiversit\u00e9. Il y a d&rsquo;ailleurs co-\u00e9crit un <a href=\"https:\/\/www.dezeen.com\/2021\/11\/04\/foster-partners-zaha-hadid-architects-built-for-the-environment\/\">rapport<\/a> dans lequel il propose des solutions pour d\u00e9carbonner le b\u00e2ti ! Ce n&rsquo;est toujours pas suffisant ?<\/p>\n\n\n\n<div style=\"height:25px\" aria-hidden=\"true\" class=\"wp-block-spacer\"><\/div>\n\n\n\n<figure class=\"wp-block-image size-large\"><img decoding=\"async\" width=\"1024\" height=\"683\" src=\"https:\/\/convergence-ing.com\/studio\/wp-content\/uploads\/2022\/04\/USE-THIS-architects-declare-logo-3-2-1024x683.png\" alt=\"\" class=\"wp-image-1552\" srcset=\"https:\/\/convergence-ing.com\/studio\/wp-content\/uploads\/2022\/04\/USE-THIS-architects-declare-logo-3-2-1024x683.png 1024w, https:\/\/convergence-ing.com\/studio\/wp-content\/uploads\/2022\/04\/USE-THIS-architects-declare-logo-3-2-300x200.png 300w, https:\/\/convergence-ing.com\/studio\/wp-content\/uploads\/2022\/04\/USE-THIS-architects-declare-logo-3-2-768x512.png 768w, https:\/\/convergence-ing.com\/studio\/wp-content\/uploads\/2022\/04\/USE-THIS-architects-declare-logo-3-2.png 1200w\" sizes=\"(max-width: 1024px) 100vw, 1024px\" \/><\/figure>\n\n\n\n<div style=\"height:25px\" aria-hidden=\"true\" class=\"wp-block-spacer\"><\/div>\n\n\n\n<p>Son cabinet <a href=\"https:\/\/www.dezeen.com\/tag\/waugh-thistleton\/\">Waugh Thistleton Architects<\/a> est r\u00e9put\u00e9 pour sa passion du bois, en tant que mati\u00e8re premi\u00e8re id\u00e9ale pour une construction durable. Il a r\u00e9cemment con\u00e7u un immeuble enti\u00e8rement d\u00e9montable, dont tous les mat\u00e9riaux peuvent \u00eatre r\u00e9employ\u00e9s !<\/p>\n\n\n\n<div style=\"height:23px\" aria-hidden=\"true\" class=\"wp-block-spacer\"><\/div>\n\n\n\n<figure class=\"wp-block-image size-full\"><img decoding=\"async\" width=\"852\" height=\"568\" src=\"https:\/\/convergence-ing.com\/studio\/wp-content\/uploads\/2022\/04\/waugh-thistleton-6-orsman-road-clt-office_dezeen_2364_col_4-852x568-1.jpg\" alt=\"\" class=\"wp-image-1551\" srcset=\"https:\/\/convergence-ing.com\/studio\/wp-content\/uploads\/2022\/04\/waugh-thistleton-6-orsman-road-clt-office_dezeen_2364_col_4-852x568-1.jpg 852w, https:\/\/convergence-ing.com\/studio\/wp-content\/uploads\/2022\/04\/waugh-thistleton-6-orsman-road-clt-office_dezeen_2364_col_4-852x568-1-300x200.jpg 300w, https:\/\/convergence-ing.com\/studio\/wp-content\/uploads\/2022\/04\/waugh-thistleton-6-orsman-road-clt-office_dezeen_2364_col_4-852x568-1-768x512.jpg 768w\" sizes=\"(max-width: 852px) 100vw, 852px\" \/><\/figure>\n<div class=\"pntrst_main_before_after\"><\/div>","protected":false},"excerpt":{"rendered":"<p>Andrew Waugh est un architecte avec une tendance \u00e0 l&rsquo;activisme en mati\u00e8re de construction durable. Il a publiquement critiqu\u00e9 les r\u00e9glementations britanniques et leurs lacunes environnementales.<\/p>\n","protected":false},"author":1,"featured_media":1554,"comment_status":"open","ping_status":"open","sticky":false,"template":"","format":"standard","meta":{"_monsterinsights_skip_tracking":false,"_monsterinsights_sitenote_active":false,"_monsterinsights_sitenote_note":"","_monsterinsights_sitenote_category":0,"footnotes":""},"categories":[3],"tags":[154,156,130,56,155,61],"class_list":["post-1542","post","type-post","status-publish","format-standard","has-post-thumbnail","hentry","category-dans-les-yeux-de","tag-activismedurable","tag-architecte","tag-bois","tag-design","tag-developpement","tag-responsable"],"aioseo_notices":[],"_links":{"self":[{"href":"https:\/\/convergence-ing.com\/studio\/wp-json\/wp\/v2\/posts\/1542"}],"collection":[{"href":"https:\/\/convergence-ing.com\/studio\/wp-json\/wp\/v2\/posts"}],"about":[{"href":"https:\/\/convergence-ing.com\/studio\/wp-json\/wp\/v2\/types\/post"}],"author":[{"embeddable":true,"href":"https:\/\/convergence-ing.com\/studio\/wp-json\/wp\/v2\/users\/1"}],"replies":[{"embeddable":true,"href":"https:\/\/convergence-ing.com\/studio\/wp-json\/wp\/v2\/comments?post=1542"}],"version-history":[{"count":2,"href":"https:\/\/convergence-ing.com\/studio\/wp-json\/wp\/v2\/posts\/1542\/revisions"}],"predecessor-version":[{"id":1556,"href":"https:\/\/convergence-ing.com\/studio\/wp-json\/wp\/v2\/posts\/1542\/revisions\/1556"}],"wp:featuredmedia":[{"embeddable":true,"href":"https:\/\/convergence-ing.com\/studio\/wp-json\/wp\/v2\/media\/1554"}],"wp:attachment":[{"href":"https:\/\/convergence-ing.com\/studio\/wp-json\/wp\/v2\/media?parent=1542"}],"wp:term":[{"taxonomy":"category","embeddable":true,"href":"https:\/\/convergence-ing.com\/studio\/wp-json\/wp\/v2\/categories?post=1542"},{"taxonomy":"post_tag","embeddable":true,"href":"https:\/\/convergence-ing.com\/studio\/wp-json\/wp\/v2\/tags?post=1542"}],"curies":[{"name":"wp","href":"https:\/\/api.w.org\/{rel}","templated":true}]}}