{"id":1414,"date":"2022-01-11T09:00:00","date_gmt":"2022-01-11T08:00:00","guid":{"rendered":"https:\/\/www.regards-studio.com\/?p=1414"},"modified":"2022-03-01T15:12:43","modified_gmt":"2022-03-01T14:12:43","slug":"philippe-starck-bon-beau","status":"publish","type":"post","link":"https:\/\/convergence-ing.com\/studio\/philippe-starck-bon-beau\/","title":{"rendered":"Philippe Starck, le bon avant le beau"},"content":{"rendered":"<div class=\"pntrst_main_before_after\"><div class=\"pntrst-button-wrap\">\n\t\t\t\t\t\t\t<a data-pin-do=\"buttonBookmark\" data-pin-custom=\"\" href=\"https:\/\/www.pinterest.com\/pin\/create\/button\/\"><img decoding=\"async\" data-pin-nopin=\"1\" class=\"pntrst-custom-pin\" src=\"https:\/\/convergence-ing.com\/studio\/wp-content\/plugins\/bws-pinterest\/images\/pin.png\" width=\"60\"><\/a>\n\t\t\t\t\t\t<\/div><\/div>\n<p><strong>Cr\u00e9ateur, designer et architecte fran\u00e7ais de renomm\u00e9e internationale, Philippe Starck est un citoyen du monde infatigable et rebelle, qui estime qu\u2019il est de son devoir de partager sa vision \u00e9thique et subversive d\u2019une plan\u00e8te plus juste, de cr\u00e9er des lieux et des objets non conventionnels dont le but est d\u2019\u00eatre \u00abbons\u00bb avant d\u2019\u00eatre beaux. <\/strong><\/p>\n\n\n\n<p>La plupart de ses cr\u00e9ations sont devenues des objets cultes et ses h\u00f4tels sont des ic\u00f4nes intemporelles qui ont ajout\u00e9 une nouvelle dimension au paysage urbain mondial. D\u00e9fenseur enthousiaste de la durabilit\u00e9, ce visionnaire a d\u00e9velopp\u00e9 le concept r\u00e9volutionnaire d \u2018\u00ab \u00e9cologie d\u00e9mocratique \u00bb en cr\u00e9ant des \u00e9oliennes abordables pour la maison, de nouvelles maisons \u00e9cologiques pr\u00e9fabriqu\u00e9es en bois et des bateaux solaires. <\/p>\n\n\n\n<div style=\"height:20px\" aria-hidden=\"true\" class=\"wp-block-spacer\"><\/div>\n\n\n\n<div class=\"wp-block-image\"><figure class=\"aligncenter size-large\"><img decoding=\"async\" width=\"313\" height=\"470\" src=\"https:\/\/convergence-ing.com\/studio\/wp-content\/uploads\/2021\/10\/a5042194cb243b77cded422be0226bff.jpg\" alt=\"\" class=\"wp-image-1419\" srcset=\"https:\/\/convergence-ing.com\/studio\/wp-content\/uploads\/2021\/10\/a5042194cb243b77cded422be0226bff.jpg 313w, https:\/\/convergence-ing.com\/studio\/wp-content\/uploads\/2021\/10\/a5042194cb243b77cded422be0226bff-200x300.jpg 200w\" sizes=\"(max-width: 313px) 100vw, 313px\" \/><\/figure><\/div>\n\n\n\n<div style=\"height:20px\" aria-hidden=\"true\" class=\"wp-block-spacer\"><\/div>\n\n\n\n<h2 class=\"wp-block-heading\">L&rsquo;\u00e9co-design qui a du sens<\/h2>\n\n\n\n<blockquote class=\"wp-block-quote is-layout-flow wp-block-quote-is-layout-flow\"><p>Parfois, nous avons besoin d\u2019\u00eatre entour\u00e9s de bois, mais je crois fermement qu\u2019on ne peut pas tuer un arbre pour faire une chaise. C\u2019est un meurtre. Pas seulement le meurtre des arbres, mais le n\u00f4tre. C\u2019est pourquoi j\u2019ai cherch\u00e9 pendant des ann\u00e9es \u00e0 fabriquer des meubles int\u00e9ressants avec&nbsp;du contreplaqu\u00e9, un produit intelligent, super mince et super r\u00e9sistant. <\/p><cite>Philippe Starck<\/cite><\/blockquote>\n\n\n\n<div style=\"height:20px\" aria-hidden=\"true\" class=\"wp-block-spacer\"><\/div>\n\n\n\n<div class=\"wp-block-image\"><figure class=\"aligncenter size-large\"><img decoding=\"async\" width=\"750\" height=\"1000\" src=\"https:\/\/convergence-ing.com\/studio\/wp-content\/uploads\/2021\/10\/Andreu-World_Philippe-Starck_Adela-Rex_5.jpg\" alt=\"\" class=\"wp-image-1417\" srcset=\"https:\/\/convergence-ing.com\/studio\/wp-content\/uploads\/2021\/10\/Andreu-World_Philippe-Starck_Adela-Rex_5.jpg 750w, https:\/\/convergence-ing.com\/studio\/wp-content\/uploads\/2021\/10\/Andreu-World_Philippe-Starck_Adela-Rex_5-225x300.jpg 225w\" sizes=\"(max-width: 750px) 100vw, 750px\" \/><\/figure><\/div>\n<div class=\"pntrst_main_before_after\"><\/div>","protected":false},"excerpt":{"rendered":"<p>Cr\u00e9ateur, designer et architecte fran\u00e7ais de renomm\u00e9e internationale, Philippe Starck est un citoyen du monde infatigable et rebelle<\/p>\n","protected":false},"author":2,"featured_media":1504,"comment_status":"open","ping_status":"open","sticky":false,"template":"","format":"standard","meta":{"_monsterinsights_skip_tracking":false,"_monsterinsights_sitenote_active":false,"_monsterinsights_sitenote_note":"","_monsterinsights_sitenote_category":0,"footnotes":""},"categories":[3],"tags":[141,142,56,50,140,61],"class_list":["post-1414","post","type-post","status-publish","format-standard","has-post-thumbnail","hentry","category-dans-les-yeux-de","tag-beau","tag-bon","tag-design","tag-durable","tag-ecologie","tag-responsable"],"aioseo_notices":[],"_links":{"self":[{"href":"https:\/\/convergence-ing.com\/studio\/wp-json\/wp\/v2\/posts\/1414"}],"collection":[{"href":"https:\/\/convergence-ing.com\/studio\/wp-json\/wp\/v2\/posts"}],"about":[{"href":"https:\/\/convergence-ing.com\/studio\/wp-json\/wp\/v2\/types\/post"}],"author":[{"embeddable":true,"href":"https:\/\/convergence-ing.com\/studio\/wp-json\/wp\/v2\/users\/2"}],"replies":[{"embeddable":true,"href":"https:\/\/convergence-ing.com\/studio\/wp-json\/wp\/v2\/comments?post=1414"}],"version-history":[{"count":1,"href":"https:\/\/convergence-ing.com\/studio\/wp-json\/wp\/v2\/posts\/1414\/revisions"}],"predecessor-version":[{"id":1505,"href":"https:\/\/convergence-ing.com\/studio\/wp-json\/wp\/v2\/posts\/1414\/revisions\/1505"}],"wp:featuredmedia":[{"embeddable":true,"href":"https:\/\/convergence-ing.com\/studio\/wp-json\/wp\/v2\/media\/1504"}],"wp:attachment":[{"href":"https:\/\/convergence-ing.com\/studio\/wp-json\/wp\/v2\/media?parent=1414"}],"wp:term":[{"taxonomy":"category","embeddable":true,"href":"https:\/\/convergence-ing.com\/studio\/wp-json\/wp\/v2\/categories?post=1414"},{"taxonomy":"post_tag","embeddable":true,"href":"https:\/\/convergence-ing.com\/studio\/wp-json\/wp\/v2\/tags?post=1414"}],"curies":[{"name":"wp","href":"https:\/\/api.w.org\/{rel}","templated":true}]}}