{"id":1201,"date":"2021-04-12T10:01:00","date_gmt":"2021-04-12T08:01:00","guid":{"rendered":"https:\/\/www.regards-studio.com\/?p=1201"},"modified":"2021-04-09T10:02:11","modified_gmt":"2021-04-09T08:02:11","slug":"le-temps-est-bon-le-printemps-entre-dans-nos-interieurs","status":"publish","type":"post","link":"https:\/\/convergence-ing.com\/studio\/le-temps-est-bon-le-printemps-entre-dans-nos-interieurs\/","title":{"rendered":"LE TEMPS EST BON, LE PRINTEMPS ENTRE DANS NOS INT\u00c9RIEURS"},"content":{"rendered":"<div class=\"pntrst_main_before_after\"><div class=\"pntrst-button-wrap\">\n\t\t\t\t\t\t\t<a data-pin-do=\"buttonBookmark\" data-pin-custom=\"\" href=\"https:\/\/www.pinterest.com\/pin\/create\/button\/\"><img decoding=\"async\" data-pin-nopin=\"1\" class=\"pntrst-custom-pin\" src=\"https:\/\/convergence-ing.com\/studio\/wp-content\/plugins\/bws-pinterest\/images\/pin.png\" width=\"60\"><\/a>\n\t\t\t\t\t\t<\/div><\/div>\n<p><\/p>\n\n\n\n<p>\u00c7a y est, le printemps commence doucement \u00e0 s\u2019installer. L\u2019envie de d\u00e9poussi\u00e9rer son int\u00e9rieur se fait ressentir de plus en plus. Apr\u00e8s plus d\u2019un an de restriction et d\u2019enfermement, il est temps de mettre un peu de douceur, de naturel et de design \u00e9pur\u00e9 dans notre environnement de travail.  D\u00e9couvrez les tendances de d\u00e9coration printani\u00e8res.  <\/p>\n\n\n\n<p><\/p>\n\n\n\n<p><\/p>\n\n\n\n<h2 class=\"wp-block-heading\"><strong>Comment apporter de la fra\u00eecheur et de l\u2019ext\u00e9rieur dans son int\u00e9rieur\u00a0?<\/strong> <\/h2>\n\n\n\n<p>L\u2019envie de travailler dans la <strong>nature <\/strong>est parfois si forte que notre environnement se transforme par la force des choses\u00a0: <strong>fleurs s\u00e9ch\u00e9es, motifs floraux ou encore du mobilier aux couleurs claires<\/strong>. La tendance est \u00e0 la <strong>projection<\/strong>, \u00e0 d\u00e9faut de pouvoir se ressourcer comme bon nous semble. <\/p>\n\n\n\n<p>Voici nos inspirations <strong>Pinterest motif floral.<\/strong> <\/p>\n\n\n\n<p class=\"has-text-align-center\"><a href=\"https:\/\/www.pinterest.fr\/Studio_Regards\/motifs-floraux\/\"><img decoding=\"async\" width=\"600\" height=\"206\" class=\"wp-image-1204\" style=\"width: 600px;\" src=\"https:\/\/convergence-ing.com\/studio\/wp-content\/uploads\/2021\/04\/motif-flo.png\" alt=\"\" srcset=\"https:\/\/convergence-ing.com\/studio\/wp-content\/uploads\/2021\/04\/motif-flo.png 1275w, https:\/\/convergence-ing.com\/studio\/wp-content\/uploads\/2021\/04\/motif-flo-300x103.png 300w, https:\/\/convergence-ing.com\/studio\/wp-content\/uploads\/2021\/04\/motif-flo-1024x352.png 1024w, https:\/\/convergence-ing.com\/studio\/wp-content\/uploads\/2021\/04\/motif-flo-768x264.png 768w\" sizes=\"(max-width: 600px) 100vw, 600px\" \/><\/a><\/p>\n\n\n\n<h2 class=\"wp-block-heading\"><strong>Un bon m\u00e9nage de printemps <\/strong><\/h2>\n\n\n\n<p>La nature reprend ses droits, le soleil \u00e9galement, <strong>c\u2019est l\u2019heure de faire le tri dans nos affaires.<\/strong> On dit qu\u2019un bureau rang\u00e9 est le signe d\u2019un esprit sain et organis\u00e9. Au moment de ce changement de <strong>saison<\/strong>, on r\u00e9invente son int\u00e9rieur mais de mani\u00e8re diff\u00e9rente. Le <strong>minimaliste <\/strong>est alors le mot d\u2019ordre. <\/p>\n\n\n\n<p>Voici nos<strong> inspirations<\/strong> Pinterest pour d\u00e9corer vos bureaux de fa\u00e7on <strong>\u00e9pur\u00e9<\/strong>. <\/p>\n\n\n\n<p class=\"has-text-align-center\"><a href=\"https:\/\/www.pinterest.fr\/Studio_Regards\/design-%C3%A9pur%C3%A9\/\"><img decoding=\"async\" width=\"600\" height=\"198\" class=\"wp-image-1205\" style=\"width: 600px;\" src=\"https:\/\/convergence-ing.com\/studio\/wp-content\/uploads\/2021\/04\/Minimaliste.png\" alt=\"\" srcset=\"https:\/\/convergence-ing.com\/studio\/wp-content\/uploads\/2021\/04\/Minimaliste.png 1315w, https:\/\/convergence-ing.com\/studio\/wp-content\/uploads\/2021\/04\/Minimaliste-300x99.png 300w, https:\/\/convergence-ing.com\/studio\/wp-content\/uploads\/2021\/04\/Minimaliste-1024x337.png 1024w, https:\/\/convergence-ing.com\/studio\/wp-content\/uploads\/2021\/04\/Minimaliste-768x253.png 768w\" sizes=\"(max-width: 600px) 100vw, 600px\" \/><\/a><\/p>\n\n\n\n<p><\/p>\n\n\n\n<h2 class=\"wp-block-heading\"><strong>Un peu de douceur dans ce monde de brutes<\/strong><\/h2>\n\n\n\n<p>On veut du cocooning, les<strong> mati\u00e8res douces<\/strong> ne se d\u00e9modent pas\u00a0! Les plaids <strong>doux <\/strong>et <strong>color\u00e9s<\/strong>, les tapis molletonn\u00e9s et les tissus sont autant d\u2019accessoires qui transforment votre int\u00e9rieur. <\/p>\n\n\n\n<p>Voici nos inspirations Pinterest pour ajouter du confort et de la <strong>douceur <\/strong><a href=\"https:\/\/www.pinterest.fr\/Studio_Regards\/confort-et-douceur\/\">https:\/\/www.pinterest.fr\/Studio_Regards\/confort-et-douceur\/<\/a> <\/p>\n\n\n\n<p class=\"has-text-align-center\"><a href=\"https:\/\/www.pinterest.fr\/Studio_Regards\/confort-et-douceur\/\"><img decoding=\"async\" width=\"600\" height=\"202\" class=\"wp-image-1206\" style=\"width: 600px;\" src=\"https:\/\/convergence-ing.com\/studio\/wp-content\/uploads\/2021\/04\/douceur.png\" alt=\"\" srcset=\"https:\/\/convergence-ing.com\/studio\/wp-content\/uploads\/2021\/04\/douceur.png 1276w, https:\/\/convergence-ing.com\/studio\/wp-content\/uploads\/2021\/04\/douceur-300x101.png 300w, https:\/\/convergence-ing.com\/studio\/wp-content\/uploads\/2021\/04\/douceur-1024x344.png 1024w, https:\/\/convergence-ing.com\/studio\/wp-content\/uploads\/2021\/04\/douceur-768x258.png 768w\" sizes=\"(max-width: 600px) 100vw, 600px\" \/><\/a><\/p>\n\n\n\n<h2 class=\"wp-block-heading\"><strong>Chassez le naturel, il revient au galop <\/strong><\/h2>\n\n\n\n<p> Du rotin, du bois et de la <strong>fibre de jute<\/strong>, ces \u00e9l\u00e9ments nous rappellent la nature et nous rapprochent de l\u2019essentiel. Voici nos inspirations Pinterest sur les <strong>Green Work<\/strong>\u00a0: <a href=\"https:\/\/www.pinterest.fr\/Studio_Regards\/green-works\/\">https:\/\/www.pinterest.fr\/Studio_Regards\/green-works\/<\/a><\/p>\n\n\n\n<p class=\"has-text-align-center\"> <a href=\"https:\/\/www.pinterest.fr\/Studio_Regards\/green-works\/\"><img decoding=\"async\" width=\"600\" height=\"213\" class=\"wp-image-1207\" style=\"width: 600px;\" src=\"https:\/\/convergence-ing.com\/studio\/wp-content\/uploads\/2021\/04\/Green.png\" alt=\"\" srcset=\"https:\/\/convergence-ing.com\/studio\/wp-content\/uploads\/2021\/04\/Green.png 1265w, https:\/\/convergence-ing.com\/studio\/wp-content\/uploads\/2021\/04\/Green-300x106.png 300w, https:\/\/convergence-ing.com\/studio\/wp-content\/uploads\/2021\/04\/Green-1024x363.png 1024w, https:\/\/convergence-ing.com\/studio\/wp-content\/uploads\/2021\/04\/Green-768x273.png 768w\" sizes=\"(max-width: 600px) 100vw, 600px\" \/><\/a><\/p>\n\n\n\n<p>source :  <a href=\"https:\/\/www.madmoizelle.com\/quatre-tendances-deco-printanieres-pour-rafraichir-votre-interieur-1115102\">https:\/\/www.madmoizelle.com\/quatre-tendances-deco-printanieres-pour-rafraichir-votre-interieur-1115102 <\/a><\/p>\n<div class=\"pntrst_main_before_after\"><\/div>","protected":false},"excerpt":{"rendered":"<p>Made.com cr\u00e9e la collection \u00ab\u00a0Encore\u00a0\u00bb autour de l\u2019upcycling de tapis.<\/p>\n","protected":false},"author":2,"featured_media":1203,"comment_status":"open","ping_status":"open","sticky":false,"template":"","format":"standard","meta":{"_monsterinsights_skip_tracking":false,"_monsterinsights_sitenote_active":false,"_monsterinsights_sitenote_note":"","_monsterinsights_sitenote_category":0,"footnotes":""},"categories":[34,3],"tags":[56,93,109,89,108,79,61,107,105],"class_list":["post-1201","post","type-post","status-publish","format-standard","has-post-thumbnail","hentry","category-blog","category-dans-les-yeux-de","tag-design","tag-developpement-durable","tag-fleurs-sechees","tag-malin","tag-printemps","tag-recyclage","tag-responsable","tag-tapis","tag-upcycling"],"aioseo_notices":[],"_links":{"self":[{"href":"https:\/\/convergence-ing.com\/studio\/wp-json\/wp\/v2\/posts\/1201"}],"collection":[{"href":"https:\/\/convergence-ing.com\/studio\/wp-json\/wp\/v2\/posts"}],"about":[{"href":"https:\/\/convergence-ing.com\/studio\/wp-json\/wp\/v2\/types\/post"}],"author":[{"embeddable":true,"href":"https:\/\/convergence-ing.com\/studio\/wp-json\/wp\/v2\/users\/2"}],"replies":[{"embeddable":true,"href":"https:\/\/convergence-ing.com\/studio\/wp-json\/wp\/v2\/comments?post=1201"}],"version-history":[{"count":0,"href":"https:\/\/convergence-ing.com\/studio\/wp-json\/wp\/v2\/posts\/1201\/revisions"}],"wp:featuredmedia":[{"embeddable":true,"href":"https:\/\/convergence-ing.com\/studio\/wp-json\/wp\/v2\/media\/1203"}],"wp:attachment":[{"href":"https:\/\/convergence-ing.com\/studio\/wp-json\/wp\/v2\/media?parent=1201"}],"wp:term":[{"taxonomy":"category","embeddable":true,"href":"https:\/\/convergence-ing.com\/studio\/wp-json\/wp\/v2\/categories?post=1201"},{"taxonomy":"post_tag","embeddable":true,"href":"https:\/\/convergence-ing.com\/studio\/wp-json\/wp\/v2\/tags?post=1201"}],"curies":[{"name":"wp","href":"https:\/\/api.w.org\/{rel}","templated":true}]}}