{"id":1184,"date":"2021-02-03T10:43:20","date_gmt":"2021-02-03T09:43:20","guid":{"rendered":"https:\/\/www.regards-studio.com\/?p=1184"},"modified":"2021-02-03T10:43:20","modified_gmt":"2021-02-03T09:43:20","slug":"designer-tapis-upcycling","status":"publish","type":"post","link":"https:\/\/convergence-ing.com\/studio\/designer-tapis-upcycling\/","title":{"rendered":"UN BON DESIGNER SAIT COMMENT REMONTER SUR LE TAPIS"},"content":{"rendered":"<div class=\"pntrst_main_before_after\"><div class=\"pntrst-button-wrap\">\n\t\t\t\t\t\t\t<a data-pin-do=\"buttonBookmark\" data-pin-custom=\"\" href=\"https:\/\/www.pinterest.com\/pin\/create\/button\/\"><img decoding=\"async\" data-pin-nopin=\"1\" class=\"pntrst-custom-pin\" src=\"https:\/\/convergence-ing.com\/studio\/wp-content\/plugins\/bws-pinterest\/images\/pin.png\" width=\"60\"><\/a>\n\t\t\t\t\t\t<\/div><\/div>\n<p><strong>Que se passe-t-il pour un produit apr\u00e8s une exposition en showroom, apr\u00e8s un retour pour d\u00e9faut, apr\u00e8s une longue vie en r\u00e9serve ? Made.com s&rsquo;interroge sur le cycle de vie de ses collections depuis des ann\u00e9es et a trouv\u00e9 la solution avec le studio de design d&rsquo;Emma\u00fcs Alernatives, les <em>R\u00e9silientes<\/em>. Ensemble, ils ont cr\u00e9\u00e9 la collection \u00ab\u00a0<em>Encore<\/em>\u00a0\u00bb autour de l\u2019upcycling de tapis.<\/strong><\/p>\n\n\n\n<p>Particuli\u00e8rement \u00e9prouv\u00e9s par les pas des visiteurs des showrooms de la marque, les tapis ont inspir\u00e9 les \u00e9quipes des <em>R\u00e9silientes<\/em>. <\/p>\n\n\n\n<div style=\"height:45px\" aria-hidden=\"true\" class=\"wp-block-spacer\"><\/div>\n\n\n\n<figure class=\"wp-block-image size-large\"><img decoding=\"async\" width=\"1024\" height=\"638\" src=\"https:\/\/convergence-ing.com\/studio\/wp-content\/uploads\/2021\/02\/8-4-1024x638.jpg\" alt=\"\" class=\"wp-image-1186\" srcset=\"https:\/\/convergence-ing.com\/studio\/wp-content\/uploads\/2021\/02\/8-4-1024x638.jpg 1024w, https:\/\/convergence-ing.com\/studio\/wp-content\/uploads\/2021\/02\/8-4-300x187.jpg 300w, https:\/\/convergence-ing.com\/studio\/wp-content\/uploads\/2021\/02\/8-4-768x479.jpg 768w, https:\/\/convergence-ing.com\/studio\/wp-content\/uploads\/2021\/02\/8-4.jpg 1118w\" sizes=\"(max-width: 1024px) 100vw, 1024px\" \/><\/figure>\n\n\n\n<div style=\"height:43px\" aria-hidden=\"true\" class=\"wp-block-spacer\"><\/div>\n\n\n\n<p>Adaptant les pr\u00e9ceptes du \u00ab\u00a0<em>kintsugi<\/em>\u00ab\u00a0, une technique japonaise ancestrale consistant \u00e0 magnifier les blessures d&rsquo;une c\u00e9ramique plut\u00f4t que de chercher \u00e0 les cacher, les designers ont brod\u00e9 les vieilles carpettes pour en faire des pi\u00e8ces uniques flambant neuves.<\/p>\n\n\n\n<div style=\"height:51px\" aria-hidden=\"true\" class=\"wp-block-spacer\"><\/div>\n\n\n\n<h2 class=\"wp-block-heading\"><strong>La vente aux ench\u00e8res<\/strong><\/h2>\n\n\n\n<p>Expos\u00e9e en ce moment (du 27 janvier au 13 f\u00e9vrier 2021), la collection fait l&rsquo;objet d&rsquo;une vente aux ench\u00e8res en ligne dont les b\u00e9n\u00e9fices aideront la branche d\u2019Emma\u00fcs qui milite pour l\u2019insertion professionnelle des personnes d\u00e9favoris\u00e9es : <a href=\"https:\/\/online.aguttes.com\/collection-de-design-circulaire.html\">https:\/\/online.aguttes.com\/collection-de-design-circulaire.html<\/a><\/p>\n\n\n\n<p>Une jolie fa\u00e7on d\u2019apporter son soutien \u00e0 cette op\u00e9ration solidaire tout en cultivant le go\u00fbt du beau, malin et durable.<\/p>\n\n\n\n<div style=\"height:49px\" aria-hidden=\"true\" class=\"wp-block-spacer\"><\/div>\n\n\n\n<figure class=\"wp-block-image size-large\"><img decoding=\"async\" width=\"1024\" height=\"683\" src=\"https:\/\/convergence-ing.com\/studio\/wp-content\/uploads\/2021\/02\/DSCF1513-1-scaled-1-1024x683.jpg\" alt=\"\" class=\"wp-image-1187\" srcset=\"https:\/\/convergence-ing.com\/studio\/wp-content\/uploads\/2021\/02\/DSCF1513-1-scaled-1-1024x683.jpg 1024w, https:\/\/convergence-ing.com\/studio\/wp-content\/uploads\/2021\/02\/DSCF1513-1-scaled-1-300x200.jpg 300w, https:\/\/convergence-ing.com\/studio\/wp-content\/uploads\/2021\/02\/DSCF1513-1-scaled-1-768x512.jpg 768w, https:\/\/convergence-ing.com\/studio\/wp-content\/uploads\/2021\/02\/DSCF1513-1-scaled-1-1536x1024.jpg 1536w, https:\/\/convergence-ing.com\/studio\/wp-content\/uploads\/2021\/02\/DSCF1513-1-scaled-1-2048x1366.jpg 2048w\" sizes=\"(max-width: 1024px) 100vw, 1024px\" \/><\/figure>\n<div class=\"pntrst_main_before_after\"><\/div>","protected":false},"excerpt":{"rendered":"<p>Made.com cr\u00e9e la collection \u00ab\u00a0Encore\u00a0\u00bb autour de l\u2019upcycling de tapis.<\/p>\n","protected":false},"author":2,"featured_media":1188,"comment_status":"open","ping_status":"open","sticky":false,"template":"","format":"standard","meta":{"_monsterinsights_skip_tracking":false,"_monsterinsights_sitenote_active":false,"_monsterinsights_sitenote_note":"","_monsterinsights_sitenote_category":0,"footnotes":""},"categories":[4],"tags":[56,93,89,79,61,82,107,105],"class_list":["post-1184","post","type-post","status-publish","format-standard","has-post-thumbnail","hentry","category-economie-circulaire","tag-design","tag-developpement-durable","tag-malin","tag-recyclage","tag-responsable","tag-smart","tag-tapis","tag-upcycling"],"aioseo_notices":[],"_links":{"self":[{"href":"https:\/\/convergence-ing.com\/studio\/wp-json\/wp\/v2\/posts\/1184"}],"collection":[{"href":"https:\/\/convergence-ing.com\/studio\/wp-json\/wp\/v2\/posts"}],"about":[{"href":"https:\/\/convergence-ing.com\/studio\/wp-json\/wp\/v2\/types\/post"}],"author":[{"embeddable":true,"href":"https:\/\/convergence-ing.com\/studio\/wp-json\/wp\/v2\/users\/2"}],"replies":[{"embeddable":true,"href":"https:\/\/convergence-ing.com\/studio\/wp-json\/wp\/v2\/comments?post=1184"}],"version-history":[{"count":0,"href":"https:\/\/convergence-ing.com\/studio\/wp-json\/wp\/v2\/posts\/1184\/revisions"}],"wp:featuredmedia":[{"embeddable":true,"href":"https:\/\/convergence-ing.com\/studio\/wp-json\/wp\/v2\/media\/1188"}],"wp:attachment":[{"href":"https:\/\/convergence-ing.com\/studio\/wp-json\/wp\/v2\/media?parent=1184"}],"wp:term":[{"taxonomy":"category","embeddable":true,"href":"https:\/\/convergence-ing.com\/studio\/wp-json\/wp\/v2\/categories?post=1184"},{"taxonomy":"post_tag","embeddable":true,"href":"https:\/\/convergence-ing.com\/studio\/wp-json\/wp\/v2\/tags?post=1184"}],"curies":[{"name":"wp","href":"https:\/\/api.w.org\/{rel}","templated":true}]}}